{"id":4824,"date":"2026-03-18T20:01:13","date_gmt":"2026-03-18T19:01:13","guid":{"rendered":"https:\/\/www.parroquiasanmiguelarcangel.es\/web\/?p=4824"},"modified":"2026-03-18T20:01:16","modified_gmt":"2026-03-18T19:01:16","slug":"san-jose","status":"publish","type":"post","link":"https:\/\/www.parroquiasanmiguelarcangel.es\/web\/san-jose","title":{"rendered":"San Jos\u00e9"},"content":{"rendered":"\n<p>Ma\u00f1ana d\u00eda 19 de Marzo celebramos a San Jos\u00e9, y os recordamos que a pesar de que este a\u00f1o es d\u00eda laborable, para la Iglesia es d\u00eda de precepto.<\/p>\n\n\n\n<p>Los horarios de misa ser\u00e1n los habituales de cualquier d\u00eda laborable, a\u00f1adiendo la misa de 18.00:<\/p>\n\n\n\n<ul class=\"wp-block-list\">\n<li>10.00<\/li>\n\n\n\n<li>18.00<\/li>\n\n\n\n<li>19.00<\/li>\n\n\n\n<li>20.00<\/li>\n<\/ul>\n\n\n\n<figure class=\"wp-block-image size-full\"><a href=\"https:\/\/www.parroquiasanmiguelarcangel.es\/web\/wp-content\/uploads\/2026\/03\/121982.webp\"><img loading=\"lazy\" decoding=\"async\" width=\"900\" height=\"500\" src=\"https:\/\/www.parroquiasanmiguelarcangel.es\/web\/wp-content\/uploads\/2026\/03\/121982.webp\" alt=\"\" class=\"wp-image-4825\" srcset=\"https:\/\/www.parroquiasanmiguelarcangel.es\/web\/wp-content\/uploads\/2026\/03\/121982.webp 900w, https:\/\/www.parroquiasanmiguelarcangel.es\/web\/wp-content\/uploads\/2026\/03\/121982-480x267.webp 480w\" sizes=\"(min-width: 0px) and (max-width: 480px) 480px, (min-width: 481px) 900px, 100vw\" \/><\/a><\/figure>\n\n\n\n\n\n\n\n\n\n\n\n\n\n\n\n\n","protected":false},"excerpt":{"rendered":"<p>Ma\u00f1ana d\u00eda 19 de Marzo celebramos a San Jos\u00e9, y os recordamos que a pesar de que este a\u00f1o es d\u00eda laborable, para la Iglesia es d\u00eda de precepto. Los [&hellip;]<\/p>\n","protected":false},"author":9,"featured_media":0,"comment_status":"closed","ping_status":"closed","sticky":false,"template":"","format":"standard","meta":{"_et_pb_use_builder":"off","_et_pb_old_content":"","_et_gb_content_width":"","footnotes":""},"categories":[1],"tags":[],"class_list":["post-4824","post","type-post","status-publish","format-standard","hentry","category-noticias"],"_links":{"self":[{"href":"https:\/\/www.parroquiasanmiguelarcangel.es\/web\/wp-json\/wp\/v2\/posts\/4824","targetHints":{"allow":["GET"]}}],"collection":[{"href":"https:\/\/www.parroquiasanmiguelarcangel.es\/web\/wp-json\/wp\/v2\/posts"}],"about":[{"href":"https:\/\/www.parroquiasanmiguelarcangel.es\/web\/wp-json\/wp\/v2\/types\/post"}],"author":[{"embeddable":true,"href":"https:\/\/www.parroquiasanmiguelarcangel.es\/web\/wp-json\/wp\/v2\/users\/9"}],"replies":[{"embeddable":true,"href":"https:\/\/www.parroquiasanmiguelarcangel.es\/web\/wp-json\/wp\/v2\/comments?post=4824"}],"version-history":[{"count":1,"href":"https:\/\/www.parroquiasanmiguelarcangel.es\/web\/wp-json\/wp\/v2\/posts\/4824\/revisions"}],"predecessor-version":[{"id":4826,"href":"https:\/\/www.parroquiasanmiguelarcangel.es\/web\/wp-json\/wp\/v2\/posts\/4824\/revisions\/4826"}],"wp:attachment":[{"href":"https:\/\/www.parroquiasanmiguelarcangel.es\/web\/wp-json\/wp\/v2\/media?parent=4824"}],"wp:term":[{"taxonomy":"category","embeddable":true,"href":"https:\/\/www.parroquiasanmiguelarcangel.es\/web\/wp-json\/wp\/v2\/categories?post=4824"},{"taxonomy":"post_tag","embeddable":true,"href":"https:\/\/www.parroquiasanmiguelarcangel.es\/web\/wp-json\/wp\/v2\/tags?post=4824"}],"curies":[{"name":"wp","href":"https:\/\/api.w.org\/{rel}","templated":true}]}}